{"id":514,"date":"2016-08-30T12:30:28","date_gmt":"2016-08-30T12:30:28","guid":{"rendered":"http:\/\/www.ruegen-ruhe-rattelvitz.de\/blog\/?p=514"},"modified":"2016-08-30T12:30:28","modified_gmt":"2016-08-30T12:30:28","slug":"25-jahre-bauer-kliewe","status":"publish","type":"post","link":"https:\/\/www.ruegen-ruhe-rattelvitz.de\/blog\/25-jahre-bauer-kliewe\/","title":{"rendered":"25 Jahre Bauer Kliewe"},"content":{"rendered":"<h2>Gro\u00dfes Jubileumsfest am 25. September 2016 von 11:00 bis 17:00 Uhr<\/h2>\n<p>In Mursewiek an der Insel Ummanz wurde vor 25 Jahren der Erlebnis-Bauernhof Kliewe er\u00f6ffnet.<br \/>\nDer Gefl\u00fcgelhof bietet neben zahlreichem Federvieh wie H\u00fchnern, Enten und G\u00e4nsen einen Hofladen und ein Hofkaffee. Auch f\u00fcr die Kleinsten ist gesorgt, ein Streichelzoo, ein Kettcar-Parcours und Pferde sind ganzj\u00e4hrig ge\u00f6ffnet.<br \/>\n<!--more--><\/p>\n<p>Der Bauernhof Kliewe veranstaltet j\u00e4hrlich einige Feste, wie z.B. das <a href=\"http:\/\/www.ruegen-ruhe-rattelvitz.de\/blog\/martinsgansessen-bei-bauer-kliewe\">Martinsgansessen<\/a> oder das <a href=\"http:\/\/www.ruegen-ruhe-rattelvitz.de\/blog\/fruehlingserwachen-beim-bauern-kliewe\">Fr\u00fchlingserwachen bei Bauer Kliewe<\/a>.<\/p>\n<p>Am 25. September 2016 gibt es anl\u00e4sslich des 25 j\u00e4hrigen Jubileums ein buntes Unterhaltungsprogramm:<\/p>\n<ul>\n<li>Kinder-Bauern-Dreikampf<\/li>\n<li>Kindertanzgruppe Gingst<\/li>\n<li>Schau Hufbeschlag<\/li>\n<li>R\u00fcgener Linedancer<\/li>\n<li>Schauprogramm der Haflinger<\/li>\n<li>Oldtimer Traktorenschau<\/li>\n<li>Bauerndreikampf f\u00fcr die Gro\u00dfen<\/li>\n<li>Spiel &#038; Spa\u00df mit &#8222;Max macht&#8217;s&#8220;<\/li>\n<li>Kinderkarussel, H\u00fcpfburg und Schie\u00dfstand<\/li>\n<li>Zorbing R\u00fcgen<\/li>\n<li>Kinderschminken und Ponyreiten<\/li>\n<li>Mal- und Bastelstra\u00dfe<\/li>\n<li>Traktor- und Kremserfahrten<\/li>\n<li>Schau-Korbflechten<\/li>\n<li>Rassekaninchenschau<\/li>\n<li>R\u00fcgen-Markt mit einheimischen H\u00e4ndlern<\/li>\n<li>Kulinarisches Allerlei: Kuchen, Gegrilltes, Rauchwurst u.v.a.m.<\/li>\n<\/ul>\n<p>Also den Termin unbedingt vormerken, es lohnt sich.<br \/>\n<center><br \/>\n<figure id=\"attachment_260\" aria-describedby=\"caption-attachment-260\" style=\"width: 490px\" class=\"wp-caption aligncenter\"><a href=\"http:\/\/neu.gut-rattelvitz.de\/blog\/wp-content\/uploads\/2014\/03\/kliewe-ruegen-1.jpg\" rel=\"attachment wp-att-260\"><img loading=\"lazy\" decoding=\"async\" src=\"http:\/\/neu.gut-rattelvitz.de\/blog\/wp-content\/uploads\/2014\/03\/kliewe-ruegen-1.jpg\" alt=\"Erlebnis-Bauernhof Kliewe\" width=\"500\" height=\"375\" class=\"size-full wp-image-260\" srcset=\"https:\/\/www.ruegen-ruhe-rattelvitz.de\/blog\/wp-content\/uploads\/2014\/03\/kliewe-ruegen-1.jpg 500w, https:\/\/www.ruegen-ruhe-rattelvitz.de\/blog\/wp-content\/uploads\/2014\/03\/kliewe-ruegen-1-300x225.jpg 300w\" sizes=\"auto, (max-width: 500px) 100vw, 500px\" \/><\/a><figcaption id=\"caption-attachment-260\" class=\"wp-caption-text\">Erlebnis-Bauernhof Kliewe Innenhof<\/figcaption><\/figure><br \/>\n<\/center><\/p>\n","protected":false},"excerpt":{"rendered":"<p>Gro\u00dfes Jubileumsfest am 25. September 2016 von 11:00 bis 17:00 Uhr In Mursewiek an der Insel Ummanz wurde vor 25 Jahren der Erlebnis-Bauernhof Kliewe er\u00f6ffnet. Der Gefl\u00fcgelhof bietet neben zahlreichem Federvieh wie H\u00fchnern, Enten und G\u00e4nsen einen Hofladen und ein Hofkaffee. Auch f\u00fcr die Kleinsten ist gesorgt, ein Streichelzoo, ein Kettcar-Parcours und Pferde sind ganzj\u00e4hrig &#8230; <a title=\"25 Jahre Bauer Kliewe\" class=\"read-more\" href=\"https:\/\/www.ruegen-ruhe-rattelvitz.de\/blog\/25-jahre-bauer-kliewe\/\" aria-label=\"Mehr Informationen \u00fcber 25 Jahre Bauer Kliewe\">Weiterlesen &#8230;<\/a><\/p>\n","protected":false},"author":1,"featured_media":0,"comment_status":"closed","ping_status":"open","sticky":false,"template":"","format":"standard","meta":{"footnotes":""},"categories":[2,8,9],"tags":[],"class_list":["post-514","post","type-post","status-publish","format-standard","hentry","category-ausflugstipp","category-ummanz","category-veranstaltungen"],"aioseo_notices":[],"_links":{"self":[{"href":"https:\/\/www.ruegen-ruhe-rattelvitz.de\/blog\/wp-json\/wp\/v2\/posts\/514","targetHints":{"allow":["GET"]}}],"collection":[{"href":"https:\/\/www.ruegen-ruhe-rattelvitz.de\/blog\/wp-json\/wp\/v2\/posts"}],"about":[{"href":"https:\/\/www.ruegen-ruhe-rattelvitz.de\/blog\/wp-json\/wp\/v2\/types\/post"}],"author":[{"embeddable":true,"href":"https:\/\/www.ruegen-ruhe-rattelvitz.de\/blog\/wp-json\/wp\/v2\/users\/1"}],"replies":[{"embeddable":true,"href":"https:\/\/www.ruegen-ruhe-rattelvitz.de\/blog\/wp-json\/wp\/v2\/comments?post=514"}],"version-history":[{"count":0,"href":"https:\/\/www.ruegen-ruhe-rattelvitz.de\/blog\/wp-json\/wp\/v2\/posts\/514\/revisions"}],"wp:attachment":[{"href":"https:\/\/www.ruegen-ruhe-rattelvitz.de\/blog\/wp-json\/wp\/v2\/media?parent=514"}],"wp:term":[{"taxonomy":"category","embeddable":true,"href":"https:\/\/www.ruegen-ruhe-rattelvitz.de\/blog\/wp-json\/wp\/v2\/categories?post=514"},{"taxonomy":"post_tag","embeddable":true,"href":"https:\/\/www.ruegen-ruhe-rattelvitz.de\/blog\/wp-json\/wp\/v2\/tags?post=514"}],"curies":[{"name":"wp","href":"https:\/\/api.w.org\/{rel}","templated":true}]}}