{"id":375,"date":"2015-05-13T06:31:49","date_gmt":"2015-05-13T06:31:49","guid":{"rendered":"http:\/\/www.ruegen-ruhe-rattelvitz.de\/blog\/?p=375"},"modified":"2015-05-13T06:31:49","modified_gmt":"2015-05-13T06:31:49","slug":"ruegeninsel-ummanz-2015","status":"publish","type":"post","link":"https:\/\/www.ruegen-ruhe-rattelvitz.de\/blog\/ruegeninsel-ummanz-2015\/","title":{"rendered":"R\u00fcgeninsel Ummanz 2015"},"content":{"rendered":"<p><strong>Natur pur auf der Schwesterinsel Ummanz.<\/strong><\/p>\n<p>Die kleine Insel Ummanz befindet sich im Westen R\u00fcgens, nur ca. 6 km von unserem Gutshaus entfernt. Ummanz zeichnet sich aus durch Weite, Stille und die sch\u00f6ne Natur. Im Fr\u00fchjahr und im Herbst kann man hier gut die <a href=\"http:\/\/www.ruegen-ruhe-rattelvitz.de\/blog\/kraniche-die-voegel-des-gluecks-auf-ummanz\">Kraniche<\/a> beobachten. Auch tolle Sonnenunterg\u00e4nge sind hier h\u00e4ufig zu beobachten und wer das Surfen mag, der ist hier genau richtig.<\/p>\n<p><!--more--><\/p>\n<p><strong>Urlaub f\u00fcr Familien mit Kindern<\/strong><br \/>\nUmmanz ist alles andere als langweilig. Hier wird Bauernhof-Action GROSS geschrieben. Gemeint sind die Erlebnis-Bauernh\u00f6fe von Bauer Lange und Bauer Kliewe (<a href=\"http:\/\/www.ruegen-ruhe-rattelvitz.de\/blog\/fruehlingserwachen-beim-bauern-kliewe\">wir haben schon mehrfach berichtet<\/a>) . \u00dcber das ganze Jahr verteilt gibt es hier spannende Attraktionen und Feste. Ob M\u00e4rchenstunden f\u00fcr die Kleinen, Stockbrotbacken, Traktorfahren oder Ponyreiten und Streichelzoo, das sind nur einige Highligts der H\u00f6fe.<br \/>\nIn Suhrendorf im Westen von Ummanz gibt es einen sch\u00f6nen Badestrand mit ganz flachem Wasser, denn man kann noch bis 500 m vom Ufer entfernt stehen.  . Hier k\u00f6nnen sich die Kleinen gut Austoben, z.b. mit Klecker- und Sandburgen.<br \/>\nAuch f\u00fcr Zweitrad-Fans ist Ummanz bestens geeignet, alles sehr flach und gut beschildert. In Klein Kubitz wohnt die Sanddornhexe. Deren Hexenwerkstadt ist mit Sicherheit ein Besuch wert.<\/p>\n<p><center><br \/>\n<figure id=\"attachment_379\" aria-describedby=\"caption-attachment-379\" style=\"width: 630px\" class=\"wp-caption aligncenter\"><a href=\"http:\/\/neu.gut-rattelvitz.de\/blog\/wp-content\/uploads\/2015\/05\/ruegen-6-1.jpg\"><img loading=\"lazy\" decoding=\"async\" src=\"http:\/\/neu.gut-rattelvitz.de\/blog\/wp-content\/uploads\/2015\/05\/ruegen-6-1.jpg\" alt=\"Ummanz\" width=\"640\" height=\"480\" class=\"size-full wp-image-379\" srcset=\"https:\/\/www.ruegen-ruhe-rattelvitz.de\/blog\/wp-content\/uploads\/2015\/05\/ruegen-6-1.jpg 640w, https:\/\/www.ruegen-ruhe-rattelvitz.de\/blog\/wp-content\/uploads\/2015\/05\/ruegen-6-1-300x225.jpg 300w\" sizes=\"auto, (max-width: 640px) 100vw, 640px\" \/><\/a><figcaption id=\"caption-attachment-379\" class=\"wp-caption-text\">Ummanz und Co: Endlose Natur und flaches Wasser<\/figcaption><\/figure><br \/>\n<\/center><\/p>\n<p><strong>Action und Fun auf Ummanz<\/strong><br \/>\nF\u00fcr alles Wassersportler ist Suhrendorf auf Ummanz das Surfmekka. Es ist als gr\u00f6\u00dftes Stehrevier Deutschlands bekannt. Durch das flache Wasser k\u00f6nnen  hier auch Anf\u00e4nger sehr gut \u00fcben. Die Surfschule <a href=\"http:\/\/www.ruegen-ruhe-rattelvitz.de\/blog\/surfen-auf-ruegen-wird-20-jahre-alt\">Surfen auf R\u00fcgen<\/a> feieerte letztes Jahr ihr 20 j\u00e4hriges Jubileum. Sie bietet verschiedene Kurse an. Auch Kiten, Kanutouren und SUP (das Stand Up Paddling)  werden angeboten. In Haide findet man auch einen groovig chilligen H\u00e4ngemattenpark mit einer Tiki-Bar mit karibischen Flair und einem Baumhausrestaurant, das ist purer S\u00fcdseestyle. Im Aloha Baumhaus in 4 Metern H\u00f6he kann man sogar \u00fcbernachten. Hier sieht man traumhafte Sonnenunterg\u00e4nge und hat direkten Blick auf die Insel Hiddensee.<br \/>\nFeriend\u00f6rfer und Camps sind ganz in der N\u00e4he in Haide und Markow. Hier werden sowohl Klassenfahrten als auch Ferienfreizeiten angeboten.<\/p>\n<p>Wie man hier sieht, hat dieses kleine Eiland eine Menge zu bieten: Natur, Weite und Stille, aber auch Action und Fun f\u00fcr Gro\u00df und Klein. Lassen Sie sich verzaubern von der R\u00fcgeninsel Ummanz nach dem Motto: &#8222;Hier ist Urlaub&#8220;.<\/p>\n","protected":false},"excerpt":{"rendered":"<p>Natur pur auf der Schwesterinsel Ummanz. Die kleine Insel Ummanz befindet sich im Westen R\u00fcgens, nur ca. 6 km von unserem Gutshaus entfernt. Ummanz zeichnet sich aus durch Weite, Stille und die sch\u00f6ne Natur. Im Fr\u00fchjahr und im Herbst kann man hier gut die Kraniche beobachten. Auch tolle Sonnenunterg\u00e4nge sind hier h\u00e4ufig zu beobachten und &#8230; <a title=\"R\u00fcgeninsel Ummanz 2015\" class=\"read-more\" href=\"https:\/\/www.ruegen-ruhe-rattelvitz.de\/blog\/ruegeninsel-ummanz-2015\/\" aria-label=\"Mehr Informationen \u00fcber R\u00fcgeninsel Ummanz 2015\">Weiterlesen &#8230;<\/a><\/p>\n","protected":false},"author":1,"featured_media":0,"comment_status":"closed","ping_status":"open","sticky":false,"template":"","format":"standard","meta":{"footnotes":""},"categories":[8],"tags":[],"class_list":["post-375","post","type-post","status-publish","format-standard","hentry","category-ummanz"],"aioseo_notices":[],"_links":{"self":[{"href":"https:\/\/www.ruegen-ruhe-rattelvitz.de\/blog\/wp-json\/wp\/v2\/posts\/375","targetHints":{"allow":["GET"]}}],"collection":[{"href":"https:\/\/www.ruegen-ruhe-rattelvitz.de\/blog\/wp-json\/wp\/v2\/posts"}],"about":[{"href":"https:\/\/www.ruegen-ruhe-rattelvitz.de\/blog\/wp-json\/wp\/v2\/types\/post"}],"author":[{"embeddable":true,"href":"https:\/\/www.ruegen-ruhe-rattelvitz.de\/blog\/wp-json\/wp\/v2\/users\/1"}],"replies":[{"embeddable":true,"href":"https:\/\/www.ruegen-ruhe-rattelvitz.de\/blog\/wp-json\/wp\/v2\/comments?post=375"}],"version-history":[{"count":0,"href":"https:\/\/www.ruegen-ruhe-rattelvitz.de\/blog\/wp-json\/wp\/v2\/posts\/375\/revisions"}],"wp:attachment":[{"href":"https:\/\/www.ruegen-ruhe-rattelvitz.de\/blog\/wp-json\/wp\/v2\/media?parent=375"}],"wp:term":[{"taxonomy":"category","embeddable":true,"href":"https:\/\/www.ruegen-ruhe-rattelvitz.de\/blog\/wp-json\/wp\/v2\/categories?post=375"},{"taxonomy":"post_tag","embeddable":true,"href":"https:\/\/www.ruegen-ruhe-rattelvitz.de\/blog\/wp-json\/wp\/v2\/tags?post=375"}],"curies":[{"name":"wp","href":"https:\/\/api.w.org\/{rel}","templated":true}]}}