{"id":279,"date":"2014-06-05T08:12:35","date_gmt":"2014-06-05T08:12:35","guid":{"rendered":"http:\/\/www.ruegen-ruhe-rattelvitz.de\/blog\/?p=279"},"modified":"2014-06-05T08:12:35","modified_gmt":"2014-06-05T08:12:35","slug":"kurzurlaub-auf-ruegen-2014-clever-planen-brueckentage-nutzen","status":"publish","type":"post","link":"https:\/\/www.ruegen-ruhe-rattelvitz.de\/blog\/kurzurlaub-auf-ruegen-2014-clever-planen-brueckentage-nutzen\/","title":{"rendered":"Kurzurlaub auf R\u00fcgen 2014, clever planen, Br\u00fcckentage nutzen"},"content":{"rendered":"<p>Seit in den Letzten Jahren der Trend zum Kurzurlaub immer mehr an Bedeutunng gewinnt, ist auch in diesem Jahr 2014 wieder ein gutes Jahr f\u00fcr Br\u00fcckentage. Dabei kann man mit wenigen Urlaubstagen viele freie Tage bekommen und z.B. optimal f\u00fcr einen Kurzurlaub auf der Insel R\u00fcgen benutzen.<br \/>\n<!--more--><\/p>\n<p>Wie schon in den letzten Jahren, bot sich die Osterzeit f\u00fcr einen Kurzurlaub auf R\u00fcgen an. Wie jedes Jahr bieten sich die Freitage nach Christi-Himmelfahrt und vor dem bevorstehenden Pfingstfest an und k\u00f6nnen ideal f\u00fcr einen Urlaub auf R\u00fcgen genutzt werden. Zwar ist das Jahr schon fast zur H\u00e4lfte vorbei, aber auch in der zweiten Jahresh\u00e4lfte lassen sich die Br\u00fcckentage clever nutzen. Im <a href=\"http:\/\/www.ruegen-ruhe-rattelvitz.de\/buchungskalender.php\" title=\"Buchungskalender Gut Rattelvitz\" target=\"_blank\">Buchungskalender des Gut Rattelvitz<\/a> findet man auch noch freie Kapazit\u00e4ten \u00fcber die Br\u00fcckentage.<\/p>\n<p>Es gibt auch regionale Feiertage, wie am Donnerstag 19. Juni (Fronleichnam) und am Freitag 15. August Mari\u00e4 Himmelfahrt. Hier sind die katholischen Bundesl\u00e4nder im Vorteil. Im Gegensatz dazu k\u00f6nnen sich aber die neuen Bundesl\u00e4nder auf den 31. Oktober freuen, an dem Tag ist Reformationstag, dieses Jahr f\u00e4llt er auf einen Freitag. Die katholischen Bundesl\u00e4nder haben dann einen Tag sp\u00e4ter, den Samstag (Allerheiligen) frei.<br \/>\n <center><figure id=\"attachment_281\" aria-describedby=\"caption-attachment-281\" style=\"width: 630px\" class=\"wp-caption aligncenter\"><a href=\"http:\/\/neu.gut-rattelvitz.de\/blog\/wp-content\/uploads\/2014\/06\/ruegen-6-1.jpg\"><img loading=\"lazy\" decoding=\"async\" src=\"http:\/\/neu.gut-rattelvitz.de\/blog\/wp-content\/uploads\/2014\/06\/ruegen-6-1.jpg\" alt=\"Irgendwo auf R\u00fcgen\" width=\"640\" height=\"480\" class=\"size-full wp-image-281\" srcset=\"https:\/\/www.ruegen-ruhe-rattelvitz.de\/blog\/wp-content\/uploads\/2014\/06\/ruegen-6-1.jpg 640w, https:\/\/www.ruegen-ruhe-rattelvitz.de\/blog\/wp-content\/uploads\/2014\/06\/ruegen-6-1-300x225.jpg 300w\" sizes=\"auto, (max-width: 640px) 100vw, 640px\" \/><\/a><figcaption id=\"caption-attachment-281\" class=\"wp-caption-text\">Irgendwo auf R\u00fcgen<\/figcaption><\/figure><\/center><br \/>\nAuch in der Nachsaison lassen sich die Br\u00fcckentage sinnvoll einsetzen. Allerdings f\u00e4llt in diesem Jahr der Tag der Deutschen Einheit am 03.10.2014 auf einen Freitag, so bekommt man nur ein verl\u00e4ngertes Wochenende. <\/p>\n<p>Die Weihnachtszeit 2014 ist wieder sehr arbeitnehmerfreundlich. So kann man zwischen Weihnachten und Silvester mit 2 Urlaubstagen 8 bis 9 Tage frei bekommen. Auch eine ideale M\u00f6glichkeit die Weihnachtstage mal ausw\u00e4rts zu feiern. In der Vor- bzw. Nachsaison hat man viele Vorteile gegen\u00fcber den Sommerferien. So kann man in der Vorsaison Geld sparen, die Insel ist auch nicht so \u00fcberlaufen, und um Pfingsten sind die Tage am l\u00e4ngsten. Auch das Wetter spielt den Urlaubern zu dieser Zeit oftmals keine Streiche. Zu dieser Zeit ist die Insel keineswegs trostlos, denn die Hoteliers haben sich auf eine ganzj\u00e4hrige Vermietung eingestellt. Auch der Trend zu mehr Kurzurlaub wird sich in den n\u00e4chsten Jahren gewiss noch steigern.  <\/p>\n","protected":false},"excerpt":{"rendered":"<p>Seit in den Letzten Jahren der Trend zum Kurzurlaub immer mehr an Bedeutunng gewinnt, ist auch in diesem Jahr 2014 wieder ein gutes Jahr f\u00fcr Br\u00fcckentage. Dabei kann man mit wenigen Urlaubstagen viele freie Tage bekommen und z.B. optimal f\u00fcr einen Kurzurlaub auf der Insel R\u00fcgen benutzen.<\/p>\n","protected":false},"author":1,"featured_media":0,"comment_status":"closed","ping_status":"open","sticky":false,"template":"","format":"standard","meta":{"footnotes":""},"categories":[1,6],"tags":[16,28,39],"class_list":["post-279","post","type-post","status-publish","format-standard","hentry","category-allgemein","category-ruegen","tag-brueckentage","tag-kurzurlaub","tag-ruegen-2014"],"aioseo_notices":[],"_links":{"self":[{"href":"https:\/\/www.ruegen-ruhe-rattelvitz.de\/blog\/wp-json\/wp\/v2\/posts\/279","targetHints":{"allow":["GET"]}}],"collection":[{"href":"https:\/\/www.ruegen-ruhe-rattelvitz.de\/blog\/wp-json\/wp\/v2\/posts"}],"about":[{"href":"https:\/\/www.ruegen-ruhe-rattelvitz.de\/blog\/wp-json\/wp\/v2\/types\/post"}],"author":[{"embeddable":true,"href":"https:\/\/www.ruegen-ruhe-rattelvitz.de\/blog\/wp-json\/wp\/v2\/users\/1"}],"replies":[{"embeddable":true,"href":"https:\/\/www.ruegen-ruhe-rattelvitz.de\/blog\/wp-json\/wp\/v2\/comments?post=279"}],"version-history":[{"count":0,"href":"https:\/\/www.ruegen-ruhe-rattelvitz.de\/blog\/wp-json\/wp\/v2\/posts\/279\/revisions"}],"wp:attachment":[{"href":"https:\/\/www.ruegen-ruhe-rattelvitz.de\/blog\/wp-json\/wp\/v2\/media?parent=279"}],"wp:term":[{"taxonomy":"category","embeddable":true,"href":"https:\/\/www.ruegen-ruhe-rattelvitz.de\/blog\/wp-json\/wp\/v2\/categories?post=279"},{"taxonomy":"post_tag","embeddable":true,"href":"https:\/\/www.ruegen-ruhe-rattelvitz.de\/blog\/wp-json\/wp\/v2\/tags?post=279"}],"curies":[{"name":"wp","href":"https:\/\/api.w.org\/{rel}","templated":true}]}}