{"id":258,"date":"2014-03-18T10:05:22","date_gmt":"2014-03-18T10:05:22","guid":{"rendered":"http:\/\/www.ruegen-ruhe-rattelvitz.de\/blog\/?p=258"},"modified":"2014-03-18T10:05:22","modified_gmt":"2014-03-18T10:05:22","slug":"fruehlingserwachen-beim-bauern-kliewe","status":"publish","type":"post","link":"https:\/\/www.ruegen-ruhe-rattelvitz.de\/blog\/fruehlingserwachen-beim-bauern-kliewe\/","title":{"rendered":"Fr\u00fchlingserwachen beim Bauern Kliewe"},"content":{"rendered":"<p>Langsam aber sicher kommt der Fr\u00fchling auf die Insel. Deshalb wird am kommenden Sonntag den 22. M\u00e4rz von 9:00 &#8211; 17:00 bei Bauer Kliewe der Fr\u00fchling begr\u00fc\u00dft. Der Erlebnisbauernhof liegt in Mursewiek, nur knapp 6km entfernt von Rattelvitz in Richtung Ummanz.<\/p>\n<p><!--more--><\/p>\n<p>Auch im Jahr 2014 gibt es wieder viele Aktionen rund um das Gefl\u00fcgel. So startet am 22. M\u00e4rz der Sonderverkauf mit eienm Rabatt von 10% auf Lebendgefl\u00fcgel und Futtermittel. F\u00fcr Gro\u00df und klein gibt es ein buntes Programm. So kann man erleben, dass die Eier nicht aus dem Supermarkt kommen. Auch der beliebte Streichelzoo  mit Ponys, Schafen, Ziegen, einem Lama, Kaninchen, Meerschweinchen und K\u00fcken ist ieder dabei. <\/p>\n<p>F\u00fcr das bevorstehende Osterfest k\u00f6nnen auf der Bastelstra\u00dfe allerhand Fr\u00fchlings\u00fcberraschungen erstellt werden. Und wer lieber toben m\u00f6chte, der nutze das Trampolin. Oder das Ponyreiten, was gerade bei kleinen M\u00e4dels sehr beliebt ist.<\/p>\n<p><center><figure id=\"attachment_260\" aria-describedby=\"caption-attachment-260\" style=\"width: 490px\" class=\"wp-caption aligncenter\"><a href=\"http:\/\/neu.gut-rattelvitz.de\/blog\/wp-content\/uploads\/2014\/03\/kliewe-ruegen-1.jpg\"><img loading=\"lazy\" decoding=\"async\" src=\"http:\/\/neu.gut-rattelvitz.de\/blog\/wp-content\/uploads\/2014\/03\/kliewe-ruegen-1.jpg\" alt=\"Erlebnis-Bauernhof Kliewe\" width=\"500\" height=\"375\" class=\"size-full wp-image-260\" srcset=\"https:\/\/www.ruegen-ruhe-rattelvitz.de\/blog\/wp-content\/uploads\/2014\/03\/kliewe-ruegen-1.jpg 500w, https:\/\/www.ruegen-ruhe-rattelvitz.de\/blog\/wp-content\/uploads\/2014\/03\/kliewe-ruegen-1-300x225.jpg 300w\" sizes=\"auto, (max-width: 500px) 100vw, 500px\" \/><\/a><figcaption id=\"caption-attachment-260\" class=\"wp-caption-text\">Erlebnis-Bauernhof Kliewe Innenhof<\/figcaption><\/figure><\/center><\/p>\n<p>Wie in den letzten Jahren gibt es wieder eine Namenstaufe der Tierkinder. Vorher konnte man Namen hierf\u00fcr vorschlagen. Die Gewinner, deren Namen genommen wurden erhalten einen tollen Preis.<\/p>\n<p>Der Hofladen und das Restaurant sind am 22. M\u00e4rz von 9:00 &#8211; 22:00 Uhr ge\u00f6ffnet.<\/p>\n","protected":false},"excerpt":{"rendered":"<p>Langsam aber sicher kommt der Fr\u00fchling auf die Insel. Deshalb wird am kommenden Sonntag den 22. M\u00e4rz von 9:00 &#8211; 17:00 bei Bauer Kliewe der Fr\u00fchling begr\u00fc\u00dft. Der Erlebnisbauernhof liegt in Mursewiek, nur knapp 6km entfernt von Rattelvitz in Richtung Ummanz.<\/p>\n","protected":false},"author":1,"featured_media":0,"comment_status":"closed","ping_status":"open","sticky":false,"template":"","format":"standard","meta":{"footnotes":""},"categories":[2,6,9],"tags":[14,17,19],"class_list":["post-258","post","type-post","status-publish","format-standard","hentry","category-ausflugstipp","category-ruegen","category-veranstaltungen","tag-bauer-kliewe","tag-erlebnisbauernhof-ruegen","tag-fruhlingserwachen"],"aioseo_notices":[],"_links":{"self":[{"href":"https:\/\/www.ruegen-ruhe-rattelvitz.de\/blog\/wp-json\/wp\/v2\/posts\/258","targetHints":{"allow":["GET"]}}],"collection":[{"href":"https:\/\/www.ruegen-ruhe-rattelvitz.de\/blog\/wp-json\/wp\/v2\/posts"}],"about":[{"href":"https:\/\/www.ruegen-ruhe-rattelvitz.de\/blog\/wp-json\/wp\/v2\/types\/post"}],"author":[{"embeddable":true,"href":"https:\/\/www.ruegen-ruhe-rattelvitz.de\/blog\/wp-json\/wp\/v2\/users\/1"}],"replies":[{"embeddable":true,"href":"https:\/\/www.ruegen-ruhe-rattelvitz.de\/blog\/wp-json\/wp\/v2\/comments?post=258"}],"version-history":[{"count":0,"href":"https:\/\/www.ruegen-ruhe-rattelvitz.de\/blog\/wp-json\/wp\/v2\/posts\/258\/revisions"}],"wp:attachment":[{"href":"https:\/\/www.ruegen-ruhe-rattelvitz.de\/blog\/wp-json\/wp\/v2\/media?parent=258"}],"wp:term":[{"taxonomy":"category","embeddable":true,"href":"https:\/\/www.ruegen-ruhe-rattelvitz.de\/blog\/wp-json\/wp\/v2\/categories?post=258"},{"taxonomy":"post_tag","embeddable":true,"href":"https:\/\/www.ruegen-ruhe-rattelvitz.de\/blog\/wp-json\/wp\/v2\/tags?post=258"}],"curies":[{"name":"wp","href":"https:\/\/api.w.org\/{rel}","templated":true}]}}